{"id":1205,"date":"2025-03-15T15:02:14","date_gmt":"2025-03-15T14:02:14","guid":{"rendered":"http:\/\/www.syndicapicole41.org\/?p=1205"},"modified":"2025-03-17T10:28:09","modified_gmt":"2025-03-17T09:28:09","slug":"participation-du-syndicat-au-comice-de-thore-la-rochette-les-10-et-11-juin-2023","status":"publish","type":"post","link":"http:\/\/www.syndicapicole41.org\/?p=1205","title":{"rendered":"Le Comice 2025 aura lieu au Parc des Exposition de Blois -en Vienne- les samedi 14 et dimanche 15 juin."},"content":{"rendered":"\n<p><\/p>\n\n\n\n<p>Pour APIDAYS qui tombe le m\u00eame weekend,  la r\u00e9colte publique \u00e0 la Biblioth\u00e8que de Blois sera d\u00e9cal\u00e9e \u00e0 un autre samedi qui reste \u00e0 d\u00e9finir<\/p>\n\n\n\n<div class=\"wp-block-columns\">\n<div class=\"wp-block-column\" style=\"flex-basis:33.34%\">\n<figure class=\"wp-block-image size-large\"><img loading=\"lazy\" width=\"1024\" height=\"768\" src=\"http:\/\/www.syndicapicole41.org\/wp-content\/uploads\/2023\/09\/comice-06-2023-public-1024x768.jpg\" alt=\"\" class=\"wp-image-1207\" srcset=\"http:\/\/www.syndicapicole41.org\/wp-content\/uploads\/2023\/09\/comice-06-2023-public-1024x768.jpg 1024w, http:\/\/www.syndicapicole41.org\/wp-content\/uploads\/2023\/09\/comice-06-2023-public-300x225.jpg 300w, http:\/\/www.syndicapicole41.org\/wp-content\/uploads\/2023\/09\/comice-06-2023-public-768x576.jpg 768w, http:\/\/www.syndicapicole41.org\/wp-content\/uploads\/2023\/09\/comice-06-2023-public-1536x1152.jpg 1536w, http:\/\/www.syndicapicole41.org\/wp-content\/uploads\/2023\/09\/comice-06-2023-public-2048x1536.jpg 2048w, http:\/\/www.syndicapicole41.org\/wp-content\/uploads\/2023\/09\/comice-06-2023-public-700x525.jpg 700w, http:\/\/www.syndicapicole41.org\/wp-content\/uploads\/2023\/09\/comice-06-2023-public-332x249.jpg 332w\" sizes=\"(max-width: 1024px) 100vw, 1024px\" \/><figcaption>Public int\u00e9ress\u00e9 et nombreux<\/figcaption><\/figure>\n<\/div>\n\n\n\n<div class=\"wp-block-column\" style=\"flex-basis:33.34%\">\n<figure class=\"wp-block-image size-large\"><img loading=\"lazy\" width=\"1024\" height=\"768\" src=\"http:\/\/www.syndicapicole41.org\/wp-content\/uploads\/2023\/09\/comice-06-2023-stand-1024x768.jpg\" alt=\"\" class=\"wp-image-1208\" srcset=\"http:\/\/www.syndicapicole41.org\/wp-content\/uploads\/2023\/09\/comice-06-2023-stand-1024x768.jpg 1024w, http:\/\/www.syndicapicole41.org\/wp-content\/uploads\/2023\/09\/comice-06-2023-stand-300x225.jpg 300w, http:\/\/www.syndicapicole41.org\/wp-content\/uploads\/2023\/09\/comice-06-2023-stand-768x576.jpg 768w, http:\/\/www.syndicapicole41.org\/wp-content\/uploads\/2023\/09\/comice-06-2023-stand-1536x1152.jpg 1536w, http:\/\/www.syndicapicole41.org\/wp-content\/uploads\/2023\/09\/comice-06-2023-stand-2048x1536.jpg 2048w, http:\/\/www.syndicapicole41.org\/wp-content\/uploads\/2023\/09\/comice-06-2023-stand-700x525.jpg 700w, http:\/\/www.syndicapicole41.org\/wp-content\/uploads\/2023\/09\/comice-06-2023-stand-332x249.jpg 332w\" sizes=\"(max-width: 1024px) 100vw, 1024px\" \/><figcaption>Le mat\u00e9riel d&rsquo;observation a \u00e9t\u00e9 fort appr\u00e9ci\u00e9 du jeune public.<\/figcaption><\/figure>\n<\/div>\n\n\n\n<div class=\"wp-block-column\" style=\"flex-basis:33.33%\">\n<figure class=\"wp-block-image size-large\"><img loading=\"lazy\" width=\"1024\" height=\"768\" src=\"http:\/\/www.syndicapicole41.org\/wp-content\/uploads\/2023\/09\/comice-06-2023-President-Thore-1024x768.jpg\" alt=\"\" class=\"wp-image-1206\" srcset=\"http:\/\/www.syndicapicole41.org\/wp-content\/uploads\/2023\/09\/comice-06-2023-President-Thore-1024x768.jpg 1024w, http:\/\/www.syndicapicole41.org\/wp-content\/uploads\/2023\/09\/comice-06-2023-President-Thore-300x225.jpg 300w, http:\/\/www.syndicapicole41.org\/wp-content\/uploads\/2023\/09\/comice-06-2023-President-Thore-768x576.jpg 768w, http:\/\/www.syndicapicole41.org\/wp-content\/uploads\/2023\/09\/comice-06-2023-President-Thore-1536x1152.jpg 1536w, http:\/\/www.syndicapicole41.org\/wp-content\/uploads\/2023\/09\/comice-06-2023-President-Thore-2048x1536.jpg 2048w, http:\/\/www.syndicapicole41.org\/wp-content\/uploads\/2023\/09\/comice-06-2023-President-Thore-700x525.jpg 700w, http:\/\/www.syndicapicole41.org\/wp-content\/uploads\/2023\/09\/comice-06-2023-President-Thore-332x249.jpg 332w\" sizes=\"(max-width: 1024px) 100vw, 1024px\" \/><figcaption>Notre Pr\u00e9sident est pr\u00eat pour la d\u00e9gustation&#8230;<\/figcaption><\/figure>\n<\/div>\n<\/div>\n\n\n\n<p><\/p>\n","protected":false},"excerpt":{"rendered":"<p>Pour APIDAYS qui tombe le m\u00eame weekend, la r\u00e9colte publique \u00e0 la Biblioth\u00e8que de Blois sera d\u00e9cal\u00e9e \u00e0 un autre samedi qui reste \u00e0 d\u00e9finir<\/p>\n","protected":false},"author":1,"featured_media":0,"comment_status":"closed","ping_status":"open","sticky":false,"template":"","format":"standard","meta":{"_bbp_topic_count":0,"_bbp_reply_count":0,"_bbp_total_topic_count":0,"_bbp_total_reply_count":0,"_bbp_voice_count":0,"_bbp_anonymous_reply_count":0,"_bbp_topic_count_hidden":0,"_bbp_reply_count_hidden":0,"_bbp_forum_subforum_count":0},"categories":[25],"tags":[],"_links":{"self":[{"href":"http:\/\/www.syndicapicole41.org\/index.php?rest_route=\/wp\/v2\/posts\/1205"}],"collection":[{"href":"http:\/\/www.syndicapicole41.org\/index.php?rest_route=\/wp\/v2\/posts"}],"about":[{"href":"http:\/\/www.syndicapicole41.org\/index.php?rest_route=\/wp\/v2\/types\/post"}],"author":[{"embeddable":true,"href":"http:\/\/www.syndicapicole41.org\/index.php?rest_route=\/wp\/v2\/users\/1"}],"replies":[{"embeddable":true,"href":"http:\/\/www.syndicapicole41.org\/index.php?rest_route=%2Fwp%2Fv2%2Fcomments&post=1205"}],"version-history":[{"count":6,"href":"http:\/\/www.syndicapicole41.org\/index.php?rest_route=\/wp\/v2\/posts\/1205\/revisions"}],"predecessor-version":[{"id":1269,"href":"http:\/\/www.syndicapicole41.org\/index.php?rest_route=\/wp\/v2\/posts\/1205\/revisions\/1269"}],"wp:attachment":[{"href":"http:\/\/www.syndicapicole41.org\/index.php?rest_route=%2Fwp%2Fv2%2Fmedia&parent=1205"}],"wp:term":[{"taxonomy":"category","embeddable":true,"href":"http:\/\/www.syndicapicole41.org\/index.php?rest_route=%2Fwp%2Fv2%2Fcategories&post=1205"},{"taxonomy":"post_tag","embeddable":true,"href":"http:\/\/www.syndicapicole41.org\/index.php?rest_route=%2Fwp%2Fv2%2Ftags&post=1205"}],"curies":[{"name":"wp","href":"https:\/\/api.w.org\/{rel}","templated":true}]}}